{"id":4566,"date":"2026-09-02T00:15:36","date_gmt":"2026-09-02T00:15:36","guid":{"rendered":"https:\/\/genesishairtransplant.com\/?p=4566"},"modified":"2026-09-02T00:25:56","modified_gmt":"2026-09-02T00:25:56","slug":"o-apresentador-manuel-luis-goucha-vida-televisao-e","status":"publish","type":"post","link":"https:\/\/genesishairtransplant.com\/?p=4566","title":{"rendered":"O Apresentador Manuel Lu\u00eds Goucha Vida, Televis\u00e3o e Fam\u00edlia"},"content":{"rendered":"<h1>O Apresentador Manuel Lu\u00eds Goucha Vida, Televis\u00e3o e Fam\u00edlia<\/h1>\n<p>A estrela da TVI \u00e9 um dos rostos mais conhecidos da comunica\u00e7\u00e3o social. Com um percurso invej\u00e1vel, ganhou milh\u00f5es de f\u00e3s. Nas pr\u00f3ximas linhas reunimos o que importa saber do homem e do profissional.<\/p>\n<p>Antes de mais, o fasc\u00ednio dos telespectadores relaciona-se tanto com a carreira televisiva como com a vida pessoal, que o comunicador sempre partilhou com naturalidade.<\/p>\n<p>A partir daqui abordamos as v\u00e1rias facetas da sua carreira, da televis\u00e3o ao lado pessoal. Uma vis\u00e3o equilibrado de um nome incontorn\u00e1vel do pa\u00eds.<\/p>\n<h2>Sobre Ter Filhos de Manuel Lu\u00eds Goucha<\/h2>\n<p>Quanto \u00e0 descend\u00eancia, o apresentador falou com franqueza sobre a decis\u00e3o de n\u00e3o ter filhos. Em v\u00e1rias ocasi\u00f5es explicou as raz\u00f5es dessa op\u00e7\u00e3o.<\/p>\n<p>Ocasionalmente espalharam-se hist\u00f3rias sobre uma suposta paternidade, que carecem de fundamento. Nestes casos, a informa\u00e7\u00e3o fi\u00e1vel deve prevalecer.<\/p>\n<p>Essa escolha de vida n\u00e3o condiciona a felicidade que demonstra. De facto, o pr\u00f3prio tem falado grande serenidade ao lado do marido.<\/p>\n<h2>O Marido e a Hist\u00f3ria de Amor do Apresentador<\/h2>\n<p>Fora dos est\u00fadios, o comunicador partilha a vida com o companheiro de sempre. Os dois uniram-se numa noite de Santo Ant\u00f3nio, e constru\u00edram uma rela\u00e7\u00e3o duradoura.<\/p>\n<p>Sem nunca ocultar o companheiro, o comunicador fala publicamente da vida a dois. Essa abertura tornou-se motivo de respeito para o p\u00fablico.<\/p>\n<p>Durante todos estes anos, ambos construiu casas, viagens e projetos. A privacidade de outrora transformou-se a uma maior partilha, sempre com naturalidade.<\/p>\n<h2>Idade Hoje<\/h2>\n<p>A estrela da TVI tem ra\u00edzes em a zona da Madalena, em Lisboa, no ano de 1954. Isto significa que tem atualmente as sete d\u00e9cadas de vida. Curiosamente, nasceu num dia festivo.<\/p>\n<p>N\u00e3o obstante os anos, preserva um entusiasmo intacto na televis\u00e3o. Essa longevidade tornou-se motivo de admira\u00e7\u00e3o.<\/p>\n<p>Muitos telespectadores admiram-se ao saber a sua idade, face \u00e0 frescura que continua a transmitir a cada programa.<\/p>\n<h2>Os Programas de TV que o Consagraram<\/h2>\n<p>A trajet\u00f3ria no pequeno ecr\u00e3 do apresentador impressiona. Arrancou nas manh\u00e3s da RTP, com a m\u00edtica Pra\u00e7a da Alegria, antes de se mudar para a TVI.<\/p>\n<p>Ao longo dos anos, assinou in\u00fameros formatos. Dos que mais se destacam merecem nota:<\/p>\n<ul>\n<li>A Pra\u00e7a, durante v\u00e1rios anos.<\/li>\n<li>Os seus programas gastron\u00f3micos, fi\u00e9is \u00e0 sua forma\u00e7\u00e3o.<\/li>\n<li>Concursos e talk shows, junto do grande p\u00fablico.<\/li>\n<li>As tardes da TVI, um dos seus maiores \u00eaxitos.<\/li>\n<\/ul>\n<p>Numa breve cronologia, os passos decisivos do percurso podem resumir-se assim:<\/p>\n<ol>\n<li>O arranque da carreira, com determina\u00e7\u00e3o.<\/li>\n<li>A dupla com Teresa Guilherme, nas manh\u00e3s dos portugueses.<\/li>\n<li>A aposta na culin\u00e1ria, fi\u00e9is \u00e0 sua forma\u00e7\u00e3o.<\/li>\n<li>A nova casa televisiva, onde fez hist\u00f3ria.<\/li>\n<li>O programa que leva o seu nome, um dos maiores \u00eaxitos.<\/li>\n<\/ol>\n<h2>A Fam\u00edlia e o Irm\u00e3o na Inf\u00e2ncia<\/h2>\n<p>A inf\u00e2ncia do comunicador associa-se aos seus. Junto do irm\u00e3o, viveu epis\u00f3dios a sua forma\u00e7\u00e3o. A progenitora, conhecida por ser uma mulher independente, desempenhou forte marca na sua forma\u00e7\u00e3o.<\/p>\n<p>Ainda que discreto quanto aos seus, o ambiente familiar aparecem em entrevistas. Essas mem\u00f3rias d\u00e3o a conhecer o car\u00e1cter do apresentador.<\/p>\n<h2>Ganha o Apresentador<\/h2>\n<p>Um dos assuntos que mais se procura prende-se com o ordenado o apresentador. Por regra, os montantes n\u00e3o s\u00e3o oficiais.<\/p>\n<p>Presume-se que, dada a sua longevidade, conte-se entre os apresentadores mais bem pagos do panorama nacional. No entanto, nada est\u00e1 confirmado.<\/p>\n<p>Para l\u00e1 das cifras, o que \u00e9 certo passa por a sua import\u00e2ncia traduz d\u00e9cadas de dedica\u00e7\u00e3o. Muito poucos reuniram tamanha longevidade.<\/p>\n<h2>A TVI Hoje com Manuel Lu\u00eds Goucha<\/h2>\n<p>Presentemente, no canal de Queluz de Baixo o comunicador conduz o talk show das tardes. Regularmente, conversa com hist\u00f3rias de vida que marcam a tarde.<\/p>\n<p>A aposta atual da TVI reflete a maturidade profissional de Goucha. A esta\u00e7\u00e3o reafirma o investimento nesta figura de refer\u00eancia.<\/p>\n<p>A empatia com quem o v\u00ea continua s\u00f3lida ao fim de tantos anos. \u00c9 esse elo que explica o seu sucesso continuado.<\/p>\n<h2>A Grande Fortuna Segundo se Estima<\/h2>\n<p>O patrim\u00f3nio do comunicador constitui um tema discreto. Uma longa trajet\u00f3ria televisiva sugerem estabilidade financeira, embora os valores exatos devam ser vistos com reserva.<\/p>\n<p>Al\u00e9m do dinheiro, o patrim\u00f3nio mais valioso de Goucha reside na sua carreira. Muito poucos edificaram tamanha longevidade com as fam\u00edlias.<\/p>\n<p>No fundo, o sucesso de Goucha mede-se no respeito que conquistou do que em cifras. Nesse aspeto, poucos o igualam.<\/p>\n<p>A quem busca rigor, a melhor via passa por evitar boatos. Poucos recordam <a href=\"https:\/\/znaki.fm\/pt\/persons\/manuel-luis-goucha\/\">as dificuldades que Manuel Lu\u00eds Goucha atravessou em Lisboa quando era jovem<\/a>, antes do sucesso de forma esclarecida.<\/p>\n<h2>Quando Era Jovem em Lisboa<\/h2>\n<p>Quando era jovem, o futuro apresentador atravessou momentos de aperto na capital. Formado como pasteleiro, cedo revelou um talento pela televis\u00e3o.<\/p>\n<p>Esses tempos de luta forjaram o seu car\u00e1cter. A resili\u00eancia dessa altura ajuda a explicar o sucesso posterior.<\/p>\n<p>Do anonimato \u00e0 fama, o caminho n\u00e3o foi imediato. Essa experi\u00eancia de vida enriqueceu o seu estilo, consolidando-o como um apresentador \u00fanico.<\/p>\n<h2>Conclus\u00e3o sobre o Percurso do Comunicador<\/h2>\n<p>Para concluir, a estrela da TVI continua a ser uma das figuras maiores do pequeno ecr\u00e3. Da Pra\u00e7a da Alegria ao estrelato, trilhou um percurso \u00edmpar. A sua vida pessoal, vivida com naturalidade, completa a sua imagem. Fica a admira\u00e7\u00e3o de gera\u00e7\u00f5es.<\/p>\n","protected":false},"excerpt":{"rendered":"<p>O Apresentador Manuel Lu\u00eds Goucha Vida, Televis\u00e3o e Fam\u00edlia A estrela da TVI \u00e9 um dos rostos mais conhecidos da comunica\u00e7\u00e3o social. Com um percurso invej\u00e1vel,<span class=\"excerpt-hellip\"> [\u2026]<\/span><\/p>\n","protected":false},"author":3,"featured_media":0,"comment_status":"open","ping_status":"open","sticky":false,"template":"","format":"standard","meta":{"footnotes":""},"categories":[785],"tags":[],"class_list":["post-4566","post","type-post","status-publish","format-standard","hentry","category-blog"],"_links":{"self":[{"href":"https:\/\/genesishairtransplant.com\/index.php?rest_route=\/wp\/v2\/posts\/4566","targetHints":{"allow":["GET"]}}],"collection":[{"href":"https:\/\/genesishairtransplant.com\/index.php?rest_route=\/wp\/v2\/posts"}],"about":[{"href":"https:\/\/genesishairtransplant.com\/index.php?rest_route=\/wp\/v2\/types\/post"}],"author":[{"embeddable":true,"href":"https:\/\/genesishairtransplant.com\/index.php?rest_route=\/wp\/v2\/users\/3"}],"replies":[{"embeddable":true,"href":"https:\/\/genesishairtransplant.com\/index.php?rest_route=%2Fwp%2Fv2%2Fcomments&post=4566"}],"version-history":[{"count":1,"href":"https:\/\/genesishairtransplant.com\/index.php?rest_route=\/wp\/v2\/posts\/4566\/revisions"}],"predecessor-version":[{"id":4567,"href":"https:\/\/genesishairtransplant.com\/index.php?rest_route=\/wp\/v2\/posts\/4566\/revisions\/4567"}],"wp:attachment":[{"href":"https:\/\/genesishairtransplant.com\/index.php?rest_route=%2Fwp%2Fv2%2Fmedia&parent=4566"}],"wp:term":[{"taxonomy":"category","embeddable":true,"href":"https:\/\/genesishairtransplant.com\/index.php?rest_route=%2Fwp%2Fv2%2Fcategories&post=4566"},{"taxonomy":"post_tag","embeddable":true,"href":"https:\/\/genesishairtransplant.com\/index.php?rest_route=%2Fwp%2Fv2%2Ftags&post=4566"}],"curies":[{"name":"wp","href":"https:\/\/api.w.org\/{rel}","templated":true}]}}